{"id":10034,"date":"2024-09-26T10:36:44","date_gmt":"2024-09-26T08:36:44","guid":{"rendered":"https:\/\/hef.group\/5th-edition-of-the-event-demain-lusine-the-week-of-the-factory\/"},"modified":"2024-11-08T11:56:09","modified_gmt":"2024-11-08T10:56:09","slug":"5th-edition-of-the-event-demain-lusine-the-week-of-the-factory","status":"publish","type":"post","link":"https:\/\/hef.group\/en\/5th-edition-of-the-event-demain-lusine-the-week-of-the-factory\/","title":{"rendered":"5th edition of Demain l&#8217;Usine"},"content":{"rendered":"<section class=\"axblock \">\n    <div class=\"container\">\n        <div class=\"acf-innerblocks-container\"><\/div>\n    <\/div>\n    <div class=\"ax-cms1 \">\n        <div class=\"container axcms-container content-right\">\n            <div class=\"ax-cms1-content\">\n                                    <h2 class=\"ax-title3\">Tomorrow&#8217;s Factory<\/h2>\n                                                    <div class=\"text-content\">\n                        <p>On September 26, 2024 HEF was present at the 5th edition of Demain l&#8217;Usine at the R\u00e9gion du num\u00e9rique campus in Lyon.<br \/>\nOur experts were on hand to present our connected ring and how we developed this contactless predictive maintenance solution.<br \/>\nThe connected ring project began 5 years ago with the collaboration of Grenoble&#8217;s CEA, with the aim of developing a range of components with an innovative, differentiating product that meets customers&#8217; economic challenges. As we all know, a ring wears out and has to be replaced during maintenance. In some sectors, replacing a bushing can take several hours or even days if maintenance is not scheduled and the machine is located in a remote area. It is therefore essential for customers to switch to predictable maintenance. The ring will enable this changeover, by transmitting information on the ring&#8217;s condition while the machine is running, and without dismantling it. As a result, the customer will be able to plan only the maintenance that is necessary and reliable.<br \/>\nThis product could later be used to gather other information, such as temperature, vibration and other data, which could bring HEF into the world of AI.<\/p>\n                    <\/div>\n                                                    <a target=\"_self\" href=\"https:\/\/hef.group\/en\/tribology-friction-wear\/friction-components\/\"\n                       class=\"btn btn-gradient-second\">Friction components<\/a>\n                            <\/div>\n                            <div class=\"ax-cms1-img\">\n                    <img decoding=\"async\" width=\"1440\" height=\"1920\" src=\"https:\/\/hef.group\/wp-content\/uploads\/2024\/09\/Bague-pour-article-demain-lusine-1-1.jpg\" class=\"attachment-full size-full\" alt=\"\" srcset=\"https:\/\/hef.group\/wp-content\/uploads\/2024\/09\/Bague-pour-article-demain-lusine-1-1.jpg 1440w, https:\/\/hef.group\/wp-content\/uploads\/2024\/09\/Bague-pour-article-demain-lusine-1-1-225x300.jpg 225w, https:\/\/hef.group\/wp-content\/uploads\/2024\/09\/Bague-pour-article-demain-lusine-1-1-768x1024.jpg 768w, https:\/\/hef.group\/wp-content\/uploads\/2024\/09\/Bague-pour-article-demain-lusine-1-1-1152x1536.jpg 1152w\" sizes=\"(max-width: 1440px) 100vw, 1440px\" \/>                <\/div>\n                    <\/div>\n    <\/div>\n<\/section>\n\n","protected":false},"excerpt":{"rendered":"","protected":false},"author":6,"featured_media":9390,"comment_status":"open","ping_status":"closed","sticky":false,"template":"","format":"standard","meta":{"_acf_changed":false,"inline_featured_image":false,"footnotes":""},"categories":[26],"tags":[336],"class_list":["post-10034","post","type-post","status-publish","format-standard","has-post-thumbnail","hentry","category-group","tag-innovation"],"acf":[],"yoast_head":"<!-- This site is optimized with the Yoast SEO plugin v27.4 - https:\/\/yoast.com\/product\/yoast-seo-wordpress\/ -->\n<title>5th edition of Demain l&#039;Usine - HEF<\/title>\n<meta name=\"robots\" content=\"index, follow, max-snippet:-1, max-image-preview:large, max-video-preview:-1\" \/>\n<link rel=\"canonical\" href=\"https:\/\/hef.group\/en\/5th-edition-of-the-event-demain-lusine-the-week-of-the-factory\/\" \/>\n<meta property=\"og:locale\" content=\"en_US\" \/>\n<meta property=\"og:type\" content=\"article\" \/>\n<meta property=\"og:title\" content=\"5th edition of Demain l&#039;Usine - HEF\" \/>\n<meta property=\"og:url\" content=\"https:\/\/hef.group\/en\/5th-edition-of-the-event-demain-lusine-the-week-of-the-factory\/\" \/>\n<meta property=\"og:site_name\" content=\"HEF\" \/>\n<meta property=\"article:published_time\" content=\"2024-09-26T08:36:44+00:00\" \/>\n<meta property=\"article:modified_time\" content=\"2024-11-08T10:56:09+00:00\" \/>\n<meta property=\"og:image\" content=\"https:\/\/hef.group\/wp-content\/uploads\/2024\/09\/Capture-decran-demain-lusine.jpg\" \/>\n\t<meta property=\"og:image:width\" content=\"1123\" \/>\n\t<meta property=\"og:image:height\" content=\"634\" \/>\n\t<meta property=\"og:image:type\" content=\"image\/jpeg\" \/>\n<meta name=\"author\" content=\"Jessica LEFKIR\" \/>\n<meta name=\"twitter:card\" content=\"summary_large_image\" \/>\n<meta name=\"twitter:label1\" content=\"Written by\" \/>\n\t<meta name=\"twitter:data1\" content=\"Jessica LEFKIR\" \/>\n\t<meta name=\"twitter:label2\" content=\"Est. reading time\" \/>\n\t<meta name=\"twitter:data2\" content=\"1 minute\" \/>\n<script type=\"application\/ld+json\" class=\"yoast-schema-graph\">{\"@context\":\"https:\\\/\\\/schema.org\",\"@graph\":[{\"@type\":\"Article\",\"@id\":\"https:\\\/\\\/hef.group\\\/en\\\/5th-edition-of-the-event-demain-lusine-the-week-of-the-factory\\\/#article\",\"isPartOf\":{\"@id\":\"https:\\\/\\\/hef.group\\\/en\\\/5th-edition-of-the-event-demain-lusine-the-week-of-the-factory\\\/\"},\"author\":{\"name\":\"Jessica LEFKIR\",\"@id\":\"https:\\\/\\\/hef.group\\\/en\\\/#\\\/schema\\\/person\\\/df6cb8648002d822fcf4b95fcd9053b2\"},\"headline\":\"5th edition of Demain l&#8217;Usine\",\"datePublished\":\"2024-09-26T08:36:44+00:00\",\"dateModified\":\"2024-11-08T10:56:09+00:00\",\"mainEntityOfPage\":{\"@id\":\"https:\\\/\\\/hef.group\\\/en\\\/5th-edition-of-the-event-demain-lusine-the-week-of-the-factory\\\/\"},\"wordCount\":6,\"commentCount\":0,\"publisher\":{\"@id\":\"https:\\\/\\\/hef.group\\\/en\\\/#organization\"},\"image\":{\"@id\":\"https:\\\/\\\/hef.group\\\/en\\\/5th-edition-of-the-event-demain-lusine-the-week-of-the-factory\\\/#primaryimage\"},\"thumbnailUrl\":\"https:\\\/\\\/hef.group\\\/wp-content\\\/uploads\\\/2024\\\/09\\\/Capture-decran-demain-lusine.jpg\",\"keywords\":[\"Innovation\"],\"articleSection\":[\"Group news\"],\"inLanguage\":\"en-US\",\"potentialAction\":[{\"@type\":\"CommentAction\",\"name\":\"Comment\",\"target\":[\"https:\\\/\\\/hef.group\\\/en\\\/5th-edition-of-the-event-demain-lusine-the-week-of-the-factory\\\/#respond\"]}]},{\"@type\":\"WebPage\",\"@id\":\"https:\\\/\\\/hef.group\\\/en\\\/5th-edition-of-the-event-demain-lusine-the-week-of-the-factory\\\/\",\"url\":\"https:\\\/\\\/hef.group\\\/en\\\/5th-edition-of-the-event-demain-lusine-the-week-of-the-factory\\\/\",\"name\":\"5th edition of Demain l'Usine - HEF\",\"isPartOf\":{\"@id\":\"https:\\\/\\\/hef.group\\\/en\\\/#website\"},\"primaryImageOfPage\":{\"@id\":\"https:\\\/\\\/hef.group\\\/en\\\/5th-edition-of-the-event-demain-lusine-the-week-of-the-factory\\\/#primaryimage\"},\"image\":{\"@id\":\"https:\\\/\\\/hef.group\\\/en\\\/5th-edition-of-the-event-demain-lusine-the-week-of-the-factory\\\/#primaryimage\"},\"thumbnailUrl\":\"https:\\\/\\\/hef.group\\\/wp-content\\\/uploads\\\/2024\\\/09\\\/Capture-decran-demain-lusine.jpg\",\"datePublished\":\"2024-09-26T08:36:44+00:00\",\"dateModified\":\"2024-11-08T10:56:09+00:00\",\"breadcrumb\":{\"@id\":\"https:\\\/\\\/hef.group\\\/en\\\/5th-edition-of-the-event-demain-lusine-the-week-of-the-factory\\\/#breadcrumb\"},\"inLanguage\":\"en-US\",\"potentialAction\":[{\"@type\":\"ReadAction\",\"target\":[\"https:\\\/\\\/hef.group\\\/en\\\/5th-edition-of-the-event-demain-lusine-the-week-of-the-factory\\\/\"]}]},{\"@type\":\"ImageObject\",\"inLanguage\":\"en-US\",\"@id\":\"https:\\\/\\\/hef.group\\\/en\\\/5th-edition-of-the-event-demain-lusine-the-week-of-the-factory\\\/#primaryimage\",\"url\":\"https:\\\/\\\/hef.group\\\/wp-content\\\/uploads\\\/2024\\\/09\\\/Capture-decran-demain-lusine.jpg\",\"contentUrl\":\"https:\\\/\\\/hef.group\\\/wp-content\\\/uploads\\\/2024\\\/09\\\/Capture-decran-demain-lusine.jpg\",\"width\":1123,\"height\":634},{\"@type\":\"BreadcrumbList\",\"@id\":\"https:\\\/\\\/hef.group\\\/en\\\/5th-edition-of-the-event-demain-lusine-the-week-of-the-factory\\\/#breadcrumb\",\"itemListElement\":[{\"@type\":\"ListItem\",\"position\":1,\"name\":\"Home\",\"item\":\"https:\\\/\\\/hef.group\\\/en\\\/\"},{\"@type\":\"ListItem\",\"position\":2,\"name\":\"5th edition of Demain l&rsquo;Usine\"}]},{\"@type\":\"WebSite\",\"@id\":\"https:\\\/\\\/hef.group\\\/en\\\/#website\",\"url\":\"https:\\\/\\\/hef.group\\\/en\\\/\",\"name\":\"HEF Groupe\",\"description\":\"Leader Mondial en ing\u00e9n\u00e9rie des mat\u00e9riaux de surfaces\",\"publisher\":{\"@id\":\"https:\\\/\\\/hef.group\\\/en\\\/#organization\"},\"potentialAction\":[{\"@type\":\"SearchAction\",\"target\":{\"@type\":\"EntryPoint\",\"urlTemplate\":\"https:\\\/\\\/hef.group\\\/en\\\/?s={search_term_string}\"},\"query-input\":{\"@type\":\"PropertyValueSpecification\",\"valueRequired\":true,\"valueName\":\"search_term_string\"}}],\"inLanguage\":\"en-US\"},{\"@type\":\"Organization\",\"@id\":\"https:\\\/\\\/hef.group\\\/en\\\/#organization\",\"name\":\"HEF Groupe\",\"url\":\"https:\\\/\\\/hef.group\\\/en\\\/\",\"logo\":{\"@type\":\"ImageObject\",\"inLanguage\":\"en-US\",\"@id\":\"https:\\\/\\\/hef.group\\\/en\\\/#\\\/schema\\\/logo\\\/image\\\/\",\"url\":\"https:\\\/\\\/hef.group\\\/wp-content\\\/uploads\\\/2024\\\/02\\\/logo-hef-1.svg\",\"contentUrl\":\"https:\\\/\\\/hef.group\\\/wp-content\\\/uploads\\\/2024\\\/02\\\/logo-hef-1.svg\",\"width\":250,\"height\":60,\"caption\":\"HEF Groupe\"},\"image\":{\"@id\":\"https:\\\/\\\/hef.group\\\/en\\\/#\\\/schema\\\/logo\\\/image\\\/\"}},{\"@type\":\"Person\",\"@id\":\"https:\\\/\\\/hef.group\\\/en\\\/#\\\/schema\\\/person\\\/df6cb8648002d822fcf4b95fcd9053b2\",\"name\":\"Jessica LEFKIR\",\"image\":{\"@type\":\"ImageObject\",\"inLanguage\":\"en-US\",\"@id\":\"https:\\\/\\\/secure.gravatar.com\\\/avatar\\\/596132fee24de404c4d1d812231b577b0a60c8dbdd07aa31089a2de9ee61aad7?s=96&d=mm&r=g\",\"url\":\"https:\\\/\\\/secure.gravatar.com\\\/avatar\\\/596132fee24de404c4d1d812231b577b0a60c8dbdd07aa31089a2de9ee61aad7?s=96&d=mm&r=g\",\"contentUrl\":\"https:\\\/\\\/secure.gravatar.com\\\/avatar\\\/596132fee24de404c4d1d812231b577b0a60c8dbdd07aa31089a2de9ee61aad7?s=96&d=mm&r=g\",\"caption\":\"Jessica LEFKIR\"}}]}<\/script>\n<!-- \/ Yoast SEO plugin. -->","yoast_head_json":{"title":"5th edition of Demain l'Usine - HEF","robots":{"index":"index","follow":"follow","max-snippet":"max-snippet:-1","max-image-preview":"max-image-preview:large","max-video-preview":"max-video-preview:-1"},"canonical":"https:\/\/hef.group\/en\/5th-edition-of-the-event-demain-lusine-the-week-of-the-factory\/","og_locale":"en_US","og_type":"article","og_title":"5th edition of Demain l'Usine - HEF","og_url":"https:\/\/hef.group\/en\/5th-edition-of-the-event-demain-lusine-the-week-of-the-factory\/","og_site_name":"HEF","article_published_time":"2024-09-26T08:36:44+00:00","article_modified_time":"2024-11-08T10:56:09+00:00","og_image":[{"width":1123,"height":634,"url":"https:\/\/hef.group\/wp-content\/uploads\/2024\/09\/Capture-decran-demain-lusine.jpg","type":"image\/jpeg"}],"author":"Jessica LEFKIR","twitter_card":"summary_large_image","twitter_misc":{"Written by":"Jessica LEFKIR","Est. reading time":"1 minute"},"schema":{"@context":"https:\/\/schema.org","@graph":[{"@type":"Article","@id":"https:\/\/hef.group\/en\/5th-edition-of-the-event-demain-lusine-the-week-of-the-factory\/#article","isPartOf":{"@id":"https:\/\/hef.group\/en\/5th-edition-of-the-event-demain-lusine-the-week-of-the-factory\/"},"author":{"name":"Jessica LEFKIR","@id":"https:\/\/hef.group\/en\/#\/schema\/person\/df6cb8648002d822fcf4b95fcd9053b2"},"headline":"5th edition of Demain l&#8217;Usine","datePublished":"2024-09-26T08:36:44+00:00","dateModified":"2024-11-08T10:56:09+00:00","mainEntityOfPage":{"@id":"https:\/\/hef.group\/en\/5th-edition-of-the-event-demain-lusine-the-week-of-the-factory\/"},"wordCount":6,"commentCount":0,"publisher":{"@id":"https:\/\/hef.group\/en\/#organization"},"image":{"@id":"https:\/\/hef.group\/en\/5th-edition-of-the-event-demain-lusine-the-week-of-the-factory\/#primaryimage"},"thumbnailUrl":"https:\/\/hef.group\/wp-content\/uploads\/2024\/09\/Capture-decran-demain-lusine.jpg","keywords":["Innovation"],"articleSection":["Group news"],"inLanguage":"en-US","potentialAction":[{"@type":"CommentAction","name":"Comment","target":["https:\/\/hef.group\/en\/5th-edition-of-the-event-demain-lusine-the-week-of-the-factory\/#respond"]}]},{"@type":"WebPage","@id":"https:\/\/hef.group\/en\/5th-edition-of-the-event-demain-lusine-the-week-of-the-factory\/","url":"https:\/\/hef.group\/en\/5th-edition-of-the-event-demain-lusine-the-week-of-the-factory\/","name":"5th edition of Demain l'Usine - HEF","isPartOf":{"@id":"https:\/\/hef.group\/en\/#website"},"primaryImageOfPage":{"@id":"https:\/\/hef.group\/en\/5th-edition-of-the-event-demain-lusine-the-week-of-the-factory\/#primaryimage"},"image":{"@id":"https:\/\/hef.group\/en\/5th-edition-of-the-event-demain-lusine-the-week-of-the-factory\/#primaryimage"},"thumbnailUrl":"https:\/\/hef.group\/wp-content\/uploads\/2024\/09\/Capture-decran-demain-lusine.jpg","datePublished":"2024-09-26T08:36:44+00:00","dateModified":"2024-11-08T10:56:09+00:00","breadcrumb":{"@id":"https:\/\/hef.group\/en\/5th-edition-of-the-event-demain-lusine-the-week-of-the-factory\/#breadcrumb"},"inLanguage":"en-US","potentialAction":[{"@type":"ReadAction","target":["https:\/\/hef.group\/en\/5th-edition-of-the-event-demain-lusine-the-week-of-the-factory\/"]}]},{"@type":"ImageObject","inLanguage":"en-US","@id":"https:\/\/hef.group\/en\/5th-edition-of-the-event-demain-lusine-the-week-of-the-factory\/#primaryimage","url":"https:\/\/hef.group\/wp-content\/uploads\/2024\/09\/Capture-decran-demain-lusine.jpg","contentUrl":"https:\/\/hef.group\/wp-content\/uploads\/2024\/09\/Capture-decran-demain-lusine.jpg","width":1123,"height":634},{"@type":"BreadcrumbList","@id":"https:\/\/hef.group\/en\/5th-edition-of-the-event-demain-lusine-the-week-of-the-factory\/#breadcrumb","itemListElement":[{"@type":"ListItem","position":1,"name":"Home","item":"https:\/\/hef.group\/en\/"},{"@type":"ListItem","position":2,"name":"5th edition of Demain l&rsquo;Usine"}]},{"@type":"WebSite","@id":"https:\/\/hef.group\/en\/#website","url":"https:\/\/hef.group\/en\/","name":"HEF Groupe","description":"Leader Mondial en ing\u00e9n\u00e9rie des mat\u00e9riaux de surfaces","publisher":{"@id":"https:\/\/hef.group\/en\/#organization"},"potentialAction":[{"@type":"SearchAction","target":{"@type":"EntryPoint","urlTemplate":"https:\/\/hef.group\/en\/?s={search_term_string}"},"query-input":{"@type":"PropertyValueSpecification","valueRequired":true,"valueName":"search_term_string"}}],"inLanguage":"en-US"},{"@type":"Organization","@id":"https:\/\/hef.group\/en\/#organization","name":"HEF Groupe","url":"https:\/\/hef.group\/en\/","logo":{"@type":"ImageObject","inLanguage":"en-US","@id":"https:\/\/hef.group\/en\/#\/schema\/logo\/image\/","url":"https:\/\/hef.group\/wp-content\/uploads\/2024\/02\/logo-hef-1.svg","contentUrl":"https:\/\/hef.group\/wp-content\/uploads\/2024\/02\/logo-hef-1.svg","width":250,"height":60,"caption":"HEF Groupe"},"image":{"@id":"https:\/\/hef.group\/en\/#\/schema\/logo\/image\/"}},{"@type":"Person","@id":"https:\/\/hef.group\/en\/#\/schema\/person\/df6cb8648002d822fcf4b95fcd9053b2","name":"Jessica LEFKIR","image":{"@type":"ImageObject","inLanguage":"en-US","@id":"https:\/\/secure.gravatar.com\/avatar\/596132fee24de404c4d1d812231b577b0a60c8dbdd07aa31089a2de9ee61aad7?s=96&d=mm&r=g","url":"https:\/\/secure.gravatar.com\/avatar\/596132fee24de404c4d1d812231b577b0a60c8dbdd07aa31089a2de9ee61aad7?s=96&d=mm&r=g","contentUrl":"https:\/\/secure.gravatar.com\/avatar\/596132fee24de404c4d1d812231b577b0a60c8dbdd07aa31089a2de9ee61aad7?s=96&d=mm&r=g","caption":"Jessica LEFKIR"}}]}},"_links":{"self":[{"href":"https:\/\/hef.group\/en\/wp-json\/wp\/v2\/posts\/10034","targetHints":{"allow":["GET"]}}],"collection":[{"href":"https:\/\/hef.group\/en\/wp-json\/wp\/v2\/posts"}],"about":[{"href":"https:\/\/hef.group\/en\/wp-json\/wp\/v2\/types\/post"}],"author":[{"embeddable":true,"href":"https:\/\/hef.group\/en\/wp-json\/wp\/v2\/users\/6"}],"replies":[{"embeddable":true,"href":"https:\/\/hef.group\/en\/wp-json\/wp\/v2\/comments?post=10034"}],"version-history":[{"count":5,"href":"https:\/\/hef.group\/en\/wp-json\/wp\/v2\/posts\/10034\/revisions"}],"predecessor-version":[{"id":11655,"href":"https:\/\/hef.group\/en\/wp-json\/wp\/v2\/posts\/10034\/revisions\/11655"}],"wp:featuredmedia":[{"embeddable":true,"href":"https:\/\/hef.group\/en\/wp-json\/wp\/v2\/media\/9390"}],"wp:attachment":[{"href":"https:\/\/hef.group\/en\/wp-json\/wp\/v2\/media?parent=10034"}],"wp:term":[{"taxonomy":"category","embeddable":true,"href":"https:\/\/hef.group\/en\/wp-json\/wp\/v2\/categories?post=10034"},{"taxonomy":"post_tag","embeddable":true,"href":"https:\/\/hef.group\/en\/wp-json\/wp\/v2\/tags?post=10034"}],"curies":[{"name":"wp","href":"https:\/\/api.w.org\/{rel}","templated":true}]}}